{"id":12412,"date":"2020-10-18T11:40:32","date_gmt":"2020-10-18T11:40:32","guid":{"rendered":"http:\/\/www.teasmade.se\/wp\/?p=12412"},"modified":"2020-10-06T11:30:26","modified_gmt":"2020-10-06T11:30:26","slug":"rencontres-racines-audincourt-2012","status":"publish","type":"post","link":"http:\/\/www.teasmade.se\/wp\/2020\/10\/18\/rencontres-racines-audincourt-2012\/","title":{"rendered":"Rencontres Racines Audincourt 2012"},"content":{"rendered":"<p> Participez donc aux nombreuses activit\u00e9s propos\u00e9es sur la ville et dans le Doubs. Des passages de cette section sont obsol\u00e8tes ou annoncent des \u00e9v\u00e9nements d\u00e9sormais pass\u00e9s. Ou.   Le festival Rencontres et Racines devait r\u00e9unir fin juin Philippe Katherine, les T\u00eates Raides ou encore F\u00e9f\u00e9 et Leeroy. Il est, sans surprise, annul\u00e9 suite aux annonces dEmmanuel Macron. Le pr\u00e9sident a pr\u00e9cis\u00e9 lundi soir quaucun \u00e9v\u00e9nement r\u00e9unissant un large public naurait lieu dici mi-juillet. Le festival dAudincourt en fait partie, et cest un avec le coeur serr\u00e9 que la direction sest adress\u00e9e aux spectateurs dans un post Facebook : Nous aurions tellement aim\u00e9 faire de notre festival le moment convivial qui nous manque tant. <img decoding=\"async\" src=\"http:\/\/www.jecontacte.org\/v3\/s\/o\/l\/vbth\/920454829_1373319547.jpg\" alt=\"rencontres racines audincourt 2012\" align=\"right\"> Une musique de vagabond. De trimardeur Axel Matrod, aka El Gato Negro, est quelque chose comme le fils cach\u00e9 de Blaise Cendrars et de Celia Cruz. Un cousin \u00e9loign\u00e9 de Jack London, qui aurait rang\u00e9 ses mots dans une guitare plut\u00f4t que sur du papier. En Am\u00e9rique du Sud, quil a parcouru de long en large et en travers, il a trouv\u00e9 sa voix et une voie : cr\u00e9er une musique de vagabond, qui emprunte ici et l\u00e0, \u00e0 tous les rythmes poivr\u00e9s quil a crois\u00e9 au long de son p\u00e9riple. Il fait du th\u00e9\u00e2tre au P\u00e9rou, monte des groupes successifs, avec dautres voyageurs au long cours, comme lui. Rebaptis\u00e9 El Gato Negro, il vit d\u00e9sormais de sa musique, et d\u00e9cide den laisser une trace en enregistrant un album, avec ses divers complices. Parmi eux, il y en a une qui va devenir particuli\u00e8re. Irina est cubaine, venue chanter en duo en Argentine. A Buenos Aires, o\u00f9 leurs chemins se croisent, ce carrefour devient une autoroute \u00e9clair\u00e9e d\u00e9vidence. Elle est un g\u00e9nie de la musique : dipl\u00f4m\u00e9e de toutes les structures \u00e9tatiques cubaines, avec loreille absolue, une ma\u00eetrise de la th\u00e9orie, et une virtuosit\u00e9 sur quantit\u00e9 dinstruments. Une musique de vagabond. Parce que les fronti\u00e8res, en vrai, nexistent pas pour les hommes de partage. Wikipedia est une marque d\u00e9pos\u00e9e de la, organisation de bienfaisance r\u00e9gie par le paragraphe du code fiscal des \u00c9tats-Unis. <img decoding=\"async\" src=\"http:\/\/image.tmdb.org\/t\/p\/w185\/bZpu6bKnkTnZ8TOfut4UZ8ihYN1.jpg\" alt=\"rencontres racines audincourt 2012\" align=\"center\">-\u00e0 Saint Colomban avec le 24 Alpha Blondy, Youssoupha, Panda Dub, Le est une compagnie de th\u00e9\u00e2tre h\u00e9berg\u00e9e et install\u00e9e sur le site Japy par la ville dAudincourt. Festival Rencontres Racines les 25 et 26 juin \u00e0 Audincourt Zonzo compagnie a re\u00e7u le International YAMA award en 2012 pour ce spectacle. Le jury la d\u00e9crit comme le spectacle musical pour enfant le plus innovant. <img decoding=\"async\" src=\"http:\/\/s-www.estrepublicain.fr\/images\/5B764F27-ACFD-4DAE-84CD-CEE7CDC296D9\/LER_22\/audincourt-le-30-06-17-28e-edition-du-festival-rencontres-et-racines-a-audincourt-le-public-de-chill-bump-photo-lionel-vadam-1498850502.jpg\" alt=\"rencontres racines audincourt 2012\" align=\"right\"> 27 Festival Rencontres et Racines du 24 au 26 juin 2016 \u00e0 Audincourt 25.. D\u00e9tails A Audincourt 25, le festival vous propose une programmation \u00e9clectique dune vingtaine de concerts. Ce sont, entre autres, Alborosie, Balkan Beat Box, Fatals Picards, Israel Vibration, Madjo, Zaz qui monteront sur les planches des 3 sc\u00e8nes du festivals les 25 et 26 Juin 2011. Chanteuse n\u00e9e en 1980, \u00e0 Reims, Jeanne Added \u00e9tudie le violoncelle et le chant lyrique au Conservatoire National de R\u00e9gion de sa ville natale puis le jazz \u00e0 Paris. Depuis 2008 et la commande du festival Vague de Jazz, elle se produit en solo, accompagn\u00e9e de sa basse \u00e9lectrique, jouant un r\u00e9pertoire compos\u00e9 de chansons de sa composition ainsi que de quelques reprises. En 2011, elle est invit\u00e9e par le groupe the d\u00f8 \u00e0 faire leur premi\u00e8re partie sur leur tourn\u00e9e dautomne, et sort son EP sur le label carton records, premier disque remarqu\u00e9 par Rock n Folk et Vibrations entre autres. En 2009, toujours parall\u00e8lement \u00e0 son activit\u00e9 en jazz et solo, elle monte Linnake, trio post grunge, o\u00f9 elle retrouve Julien Desprez \u00e0 la guitare et S\u00e9bastien Brun \u00e0 la batterie. Ces derni\u00e8res ann\u00e9es lont vue r\u00e9duire sa participation \u00e0 des projets jazz et musiques improvis\u00e9es, pour se concentrer sur son r\u00e9pertoire solo. Elle aura jou\u00e9 toute cette saison 201213 en duo avec Marielle Chatain the d\u00f8, une quarantaine de dates, ciblant de fa\u00e7on \u00e9vidente le milieu des musiques actuelles, on aura pu lentendre d\u00e9but 2013, invit\u00e9e sur le dernier disque de Rachid Taha, pour une reprise remarqu\u00e9e dElvis now or never. En 2014, Jeanne a termin\u00e9 lenregistrement de son premier album Be Sensational, r\u00e9alis\u00e9 par Dan Levy du groupe the d\u00f8. S\u00e9lectionn\u00e9e pour \u00eatre la cr\u00e9ation des Rencontres Transmusicales de Rennes de lann\u00e9e 2014 5 dates d\u00e9but d\u00e9cembre en r\u00e9sidence au th\u00e9\u00e2tre de lAire Libre, Jeanne a sorti son premier album sur le label na\u00efve en d\u00e9but dann\u00e9e 2015. Ce site cr\u00e9\u00e9 en 2001 est anim\u00e9 b\u00e9n\u00e9volement par des m\u00e9decins du travail et des pr\u00e9venteurs en sant\u00e9 au travail regroup\u00e9s en une association ind\u00e9pendante. Son objectif principal est de mettre en commun des fiches de m\u00e9tiers et des fiches de risques professionnels. Toutes les personnes qui se sentent concern\u00e9es par la sant\u00e9 et la s\u00e9curit\u00e9 au travail peuvent participer \u00e0 la vie du site par leurs remarques et suggestions. ____________________ DEUXI\u00c8ME PARTIE T\u00e9t\u00e9 T\u00e9t\u00e9, le 2 juillet 2017, lors de la 28e \u00e9dition du festival Rencontres et Racines \u00e0 Audincourt festive qui permettra de faire le plein et dentrer de largent dans les Vendredi 24 Juin Harisson Stafford the Professor Crew Reggae Roots Festival Audincourt Rencontres Et Racines 2013 pgjeslp.gob.mx.<\/p>\n","protected":false},"excerpt":{"rendered":"<p>rencontres racines audincourt 2012<\/p>\n","protected":false},"author":1,"featured_media":0,"comment_status":"closed","ping_status":"closed","sticky":false,"template":"","format":"standard","meta":{"hide_page_title":"","footnotes":""},"categories":[1],"tags":[],"_links":{"self":[{"href":"http:\/\/www.teasmade.se\/wp\/wp-json\/wp\/v2\/posts\/12412"}],"collection":[{"href":"http:\/\/www.teasmade.se\/wp\/wp-json\/wp\/v2\/posts"}],"about":[{"href":"http:\/\/www.teasmade.se\/wp\/wp-json\/wp\/v2\/types\/post"}],"author":[{"embeddable":true,"href":"http:\/\/www.teasmade.se\/wp\/wp-json\/wp\/v2\/users\/1"}],"replies":[{"embeddable":true,"href":"http:\/\/www.teasmade.se\/wp\/wp-json\/wp\/v2\/comments?post=12412"}],"version-history":[{"count":1,"href":"http:\/\/www.teasmade.se\/wp\/wp-json\/wp\/v2\/posts\/12412\/revisions"}],"predecessor-version":[{"id":12413,"href":"http:\/\/www.teasmade.se\/wp\/wp-json\/wp\/v2\/posts\/12412\/revisions\/12413"}],"wp:attachment":[{"href":"http:\/\/www.teasmade.se\/wp\/wp-json\/wp\/v2\/media?parent=12412"}],"wp:term":[{"taxonomy":"category","embeddable":true,"href":"http:\/\/www.teasmade.se\/wp\/wp-json\/wp\/v2\/categories?post=12412"},{"taxonomy":"post_tag","embeddable":true,"href":"http:\/\/www.teasmade.se\/wp\/wp-json\/wp\/v2\/tags?post=12412"}],"curies":[{"name":"wp","href":"https:\/\/api.w.org\/{rel}","templated":true}]}}