{"id":12370,"date":"2020-10-18T14:54:31","date_gmt":"2020-10-18T14:54:31","guid":{"rendered":"http:\/\/www.teasmade.se\/wp\/?p=12370"},"modified":"2020-10-06T10:34:14","modified_gmt":"2020-10-06T10:34:14","slug":"rencontre-pour-malentendant","status":"publish","type":"post","link":"http:\/\/www.teasmade.se\/wp\/2020\/10\/18\/rencontre-pour-malentendant\/","title":{"rendered":"Rencontre Pour Malentendant"},"content":{"rendered":"<p>2. Les situations de handicap rencontr\u00e9es par les sourds et les malentendants en milieu urbain  -se faire renverser par une voiture 28 ou par un v\u00e9hicule prioritaire 19. Contact : Association VO SOURDS 95-T\u00e9l : 06 82 24 62 15 <img decoding=\"async\" src=\"http:\/\/www.signesdefoi.be\/wp-content\/uploads\/2015\/05\/Messe-traduite-en-Langue-des-signes.jpg\" alt=\"rencontre pour malentendant\" align=\"left\">  Le Langage Parl\u00e9 Compl\u00e9t\u00e9 LPC intervient en compl\u00e9ment de lexpression orale et de la lecture labiale. Son apprentissage est plus facile que celui de la LSF ; il sert surtout \u00e0 la communication entre des sourds et leur entourage, familial et enseignant. Dubois, V. Et Ebersold, S 2013. Handicap, pratiques culturelles et participation sociale : rapport de recherche. CNSA, DREES-MiRe. <img decoding=\"async\" src=\"http:\/\/images.charentelibre.fr\/14\/01\/2015\/5645cdff7971bb340f4d4651\/golden\/pour-edwige-demenier-avoir-des-parents-sourds-a-ete-une-richesse-une-fierte-et-une-force.jpg\" alt=\"rencontre pour malentendant\" align=\"center\"> 3. Rendre visible la culture sourde et la langue des signes via la cin\u00e9matographie sourde Enfin, vous avez mis en place un service interface de rendez-vous? Pour rappel de la l\u00e9gislation : La vente dun premier appareillage auditif est soumis \u00e0. Dans le cadre dun renouvellement dappareil auditif, une ordonnance dun m\u00e9decin g\u00e9n\u00e9raliste pourra suffire. Sauf avis contraire de votre part, vos coordonn\u00e9es pourront \u00eatre conserv\u00e9es par Soci\u00e9t\u00e9 du Figaro et utilis\u00e9es \u00e0 des fins de prospection commerciale. Rappel : limmense majorit\u00e9 des malentendants pr\u00e9f\u00e8re se servir de ses restes daudition pour comprendre des paroles, ne pratique pas la LSF ou le LPC, et na pas envie quon loblige \u00e0 lire EHPAD : informations sur la malentendance, la communication et les appareils auditifs Accepter Fermer la banni\u00e8re davertissement sur les cookies <img decoding=\"async\" src=\"http:\/\/www.sourds.net\/wp-content\/uploads\/2017\/09\/2017-9-224.jpg\" alt=\"rencontre pour malentendant\" align=\"center\"> Participation \u00e0 lorganisation de lAssembl\u00e9e G\u00e9n\u00e9rale du Bucodes SurdiFrance Si lon parle de troisi\u00e8me \u00e2ge ou de seniors pour d\u00e9signer-Un accompagnement ext\u00e9rieur vers divers organismes communication : les \u00e2ges de la vie enfant, adulte, retrait\u00e9, personne \u00e2g\u00e9e, ne consiste pas en leur redonner laudition. Il sagit Annabelle Denny, 35 ans, M\u00e9lanie Roche, 39 ans, Marianne Jaouen, 33 ans, et Catherine Coquil, 53 ans, invitent au premier Caf\u00e9 signes du pays de Morlaix. Les deux premi\u00e8res sont entendantes, les deux autres sourdes. Mais toutes sont d\u00e9sormais amies. Do\u00f9 vous est venue cette id\u00e9e de Caf\u00e9 signes? M\u00e9lanie : On sest rencontr\u00e9es en formation langue des signes, \u00e0 Brest, avec LSF 29. Je suis maman dun petit gar\u00e7on \u00e2g\u00e9 de six ans, atteint de surdit\u00e9, je nen suis quau d\u00e9but de mon apprentissage. Notre formateur avait tenu \u00e0 faire venir des personnes sourdes pour nous mettre en situation de communication. Le courant est bien pass\u00e9! Le Caf\u00e9 signes est le prolongement logique. On suit lexemple de Lannion www.laboiteasignes.fr ou de Brest. Quel est le principe de la rencontre? Marianne sourde depuis ses six ans : De d\u00e9cloisonner, de faire de nouvelles rencontres! Personnellement, jappr\u00e9cie de pouvoir \u00e9changer une soir\u00e9e enti\u00e8re en langue des signes. Cest tellement reposant de ne pas avoir \u00e0 lire sur les l\u00e8vres! Pour les entendants, cest loccasion de sexercer. Pour les malentendants aussi dailleurs, car tous ne signent pas bien. Cela peut \u00e9galement rompre une forme disolement, dans laquelle se trouvent parfois les personnes sourdes. De quoi parlez-vous lors de ce caf\u00e9? Annabelle : De la vie de tous les jours, de politique, de l\u00e9ducation.. Un peu comme dans les caf\u00e9s en breton! On a d\u00e9j\u00e0 fait deux r\u00e9unions dessai. Trente personnes, de tous les \u00e2ges, sont venues \u00e0 chaque fois. Certaines habitaient Brest ou Saint-Brieuc. Cest dire que le besoin est l\u00e0..<\/p>\n","protected":false},"excerpt":{"rendered":"<p>rencontre pour malentendant<\/p>\n","protected":false},"author":1,"featured_media":0,"comment_status":"closed","ping_status":"closed","sticky":false,"template":"","format":"standard","meta":{"hide_page_title":"","footnotes":""},"categories":[1],"tags":[],"_links":{"self":[{"href":"http:\/\/www.teasmade.se\/wp\/wp-json\/wp\/v2\/posts\/12370"}],"collection":[{"href":"http:\/\/www.teasmade.se\/wp\/wp-json\/wp\/v2\/posts"}],"about":[{"href":"http:\/\/www.teasmade.se\/wp\/wp-json\/wp\/v2\/types\/post"}],"author":[{"embeddable":true,"href":"http:\/\/www.teasmade.se\/wp\/wp-json\/wp\/v2\/users\/1"}],"replies":[{"embeddable":true,"href":"http:\/\/www.teasmade.se\/wp\/wp-json\/wp\/v2\/comments?post=12370"}],"version-history":[{"count":1,"href":"http:\/\/www.teasmade.se\/wp\/wp-json\/wp\/v2\/posts\/12370\/revisions"}],"predecessor-version":[{"id":12371,"href":"http:\/\/www.teasmade.se\/wp\/wp-json\/wp\/v2\/posts\/12370\/revisions\/12371"}],"wp:attachment":[{"href":"http:\/\/www.teasmade.se\/wp\/wp-json\/wp\/v2\/media?parent=12370"}],"wp:term":[{"taxonomy":"category","embeddable":true,"href":"http:\/\/www.teasmade.se\/wp\/wp-json\/wp\/v2\/categories?post=12370"},{"taxonomy":"post_tag","embeddable":true,"href":"http:\/\/www.teasmade.se\/wp\/wp-json\/wp\/v2\/tags?post=12370"}],"curies":[{"name":"wp","href":"https:\/\/api.w.org\/{rel}","templated":true}]}}