{"id":1017,"date":"2020-09-20T06:13:23","date_gmt":"2020-09-20T06:13:23","guid":{"rendered":"http:\/\/www.teasmade.se\/wp\/?p=1017"},"modified":"2020-09-19T12:51:21","modified_gmt":"2020-09-19T12:51:21","slug":"rencontre-papes","status":"publish","type":"post","link":"http:\/\/www.teasmade.se\/wp\/2020\/09\/20\/rencontre-papes\/","title":{"rendered":"Rencontre Papes"},"content":{"rendered":"<p>Salut aux organisateurs et participants du tournoi de tennis de Rome 130598 :, Paul VI et la modernit\u00e9, \u00c9cole fran\u00e7aise de Rome, 1984, p 318. <img decoding=\"async\" src=\"http:\/\/levarois.com\/wp-content\/uploads\/2016\/02\/Programmes-Toulon-Var-Technologies-5.jpg\" alt=\"rencontre papes\" align=\"right\">  Cap sur le fun, a 15 km dAvignon, au bord de la rivi\u00e8re la Sorgue Le secret connu des locaux : Manon des Sources sest mari\u00e9e \u00e0 lint\u00e9rieur de l\u00e9glise dAnsouis et non de Vaugines  Plumeau coule des jours heureux aupr\u00e8s de ses ma\u00eetresses, bien d\u00e9cid\u00e9es \u00e0 profiter un maximum de ce garnement! Dans un communiqu\u00e9 lundi 20 avril, la F\u00e9d\u00e9ration protestante de France FPF a affirm\u00e9 vouloir attirer lattention du pr\u00e9sident sur la transformation \u00e9cologique, solidaire et d\u00e9mocratique quelle juge n\u00e9cessaire. Estimant qu un retour au statu quo aggraverait les d\u00e9r\u00e8glements climatiques, la destruction de la biodiversit\u00e9 et les in\u00e9galit\u00e9s sociales, la FPF r\u00e9clame que le jour dapr\u00e8s signe un changement civilisationnel et linvention dun paradigme nouveau.-Audience aux participants du tournoi de tennis 230450 Rencontre des Equipes de Quartier de lEnclave des Papes De tels rendez-vous obligent au secret, confirme Bernard Lecomte. La rencontre entre Alexis II et Jean-Paul II \u00e0 Vienne pr\u00e9vue en 1997 a \u00e9chou\u00e9 \u00e0 cause dune annonce pr\u00e9matur\u00e9e  <img decoding=\"async\" src=\"http:\/\/www.lavie.fr\/images\/2018\/02\/16\/88175_pape-rencontre-victimes-abus-sexuels.jpg\" alt=\"rencontre papes\" align=\"center\"> <img decoding=\"async\" src=\"http:\/\/benoit-et-moi.fr\/2012-I\/images\/castro2_510.jpg\" alt=\"rencontre papes\" align=\"left\"> Que chaque chr\u00e9tien sache se d\u00e9pouiller pour aller \u00e0 la rencontre de celui qui est pauvre! Dioc\u00e8se de Belley-Ars Le parcours de soins : la bonne r\u00e9ponse au bon moment aux besoins des patients Notre c\u0153ur a une soif de vivre, une soif de v\u00e9rit\u00e9 et une soif damour. Dieu r\u00e9pond \u00e0 nos soifs. Avec lui, nous serons \u00e9tanch\u00e9s et rassasi\u00e9s.-Tweet du pape Fran\u00e7ois pour les Jeux Paralympiques 120916 : Le film du r\u00e9alisateur Fernando Meirelles auteur du p\u00e9nible La Cit\u00e9 de Dieu en 2003 \u00e9voque les moments pass\u00e9s en t\u00eate \u00e0 t\u00eate entre ces deux hommes dans les r\u00e9sidences papales \u00e0 Rome et \u00e0 Castel Gandolfo. La cam\u00e9ra ne les quitte quasiment pas durant plus de deux heures. On d\u00e9couvre qui ils sont, ce qui les oppose mais aussi ce qui les rassemble. On voit na\u00eetre, malgr\u00e9 leur vision de lEglise assez oppos\u00e9e, une forme damiti\u00e9, en tout cas une complicit\u00e9 et un immense respect entre le conservateur Ratzinger et Bergoglio le progressiste.-Salut aux pilotes, techniciens et dirigeants du grand prix moto international 050879 : mot-Salut \u00e0 la f\u00e9d\u00e9ration italienne de sports \u00e9questres 210704 : de Vicarius Christi : lappellation est attest\u00e9e du temps du pape, au synode romain du 13 mai 495. Au, est \u00e9galement attest\u00e9 le titre de Vicaire de Pierre, tr\u00e8s vite tomb\u00e9 dans loubli car eccl\u00e9siologiquement erron\u00e9 : dune part, parce que le pape est le successeur, mais non lintendant serviteur de Pierre ; il est m\u00eame pleinement Pierre \u00e0 son tour puisquil exerce la pl\u00e9nitude du minist\u00e8re apostolique que le Christ avait accord\u00e9 au Prince des Ap\u00f4tres ; dautre part, parce que le pape rendra compte de ses actes au Christ seul, tout comme Pierre avant lui. Cest pourquoi le titre de Vicaire du Christ, th\u00e9ologiquement et eccl\u00e9siologiquement vrai, sest impos\u00e9 au cours des si\u00e8cles vicaire dans le sens d intendant. Se proclame en 1214 aussi bien Vicaire du Christ que Vicaire de Dieu car la foi chr\u00e9tienne reconna\u00eet en J\u00e9sus-Christ Dieu fait homme.<\/p>\n","protected":false},"excerpt":{"rendered":"<p>rencontre papes<\/p>\n","protected":false},"author":1,"featured_media":0,"comment_status":"closed","ping_status":"closed","sticky":false,"template":"","format":"standard","meta":{"hide_page_title":"","footnotes":""},"categories":[1],"tags":[],"_links":{"self":[{"href":"http:\/\/www.teasmade.se\/wp\/wp-json\/wp\/v2\/posts\/1017"}],"collection":[{"href":"http:\/\/www.teasmade.se\/wp\/wp-json\/wp\/v2\/posts"}],"about":[{"href":"http:\/\/www.teasmade.se\/wp\/wp-json\/wp\/v2\/types\/post"}],"author":[{"embeddable":true,"href":"http:\/\/www.teasmade.se\/wp\/wp-json\/wp\/v2\/users\/1"}],"replies":[{"embeddable":true,"href":"http:\/\/www.teasmade.se\/wp\/wp-json\/wp\/v2\/comments?post=1017"}],"version-history":[{"count":1,"href":"http:\/\/www.teasmade.se\/wp\/wp-json\/wp\/v2\/posts\/1017\/revisions"}],"predecessor-version":[{"id":1018,"href":"http:\/\/www.teasmade.se\/wp\/wp-json\/wp\/v2\/posts\/1017\/revisions\/1018"}],"wp:attachment":[{"href":"http:\/\/www.teasmade.se\/wp\/wp-json\/wp\/v2\/media?parent=1017"}],"wp:term":[{"taxonomy":"category","embeddable":true,"href":"http:\/\/www.teasmade.se\/wp\/wp-json\/wp\/v2\/categories?post=1017"},{"taxonomy":"post_tag","embeddable":true,"href":"http:\/\/www.teasmade.se\/wp\/wp-json\/wp\/v2\/tags?post=1017"}],"curies":[{"name":"wp","href":"https:\/\/api.w.org\/{rel}","templated":true}]}}